{"id":25,"date":"2016-12-05T14:03:19","date_gmt":"2016-12-05T13:03:19","guid":{"rendered":"https:\/\/musee.crea-magnolia.fr\/index.php\/2016\/12\/05\/conditions-generales-de-ventes\/"},"modified":"2016-12-05T14:03:19","modified_gmt":"2016-12-05T13:03:19","slug":"conditions-generales-de-ventes","status":"publish","type":"post","link":"https:\/\/musee.crea-magnolia.fr\/index.php\/2016\/12\/05\/conditions-generales-de-ventes\/","title":{"rendered":"Conditions g\u00e9n\u00e9rales de ventes"},"content":{"rendered":"<h2>Conditions g\u00e9n\u00e9rales de ventes<\/h2>\n<h3><span style=\"font-size:18pt;\"><span style=\"color:#ff0000;\">IMPORTANT: \u00e0 partir de 250 \u20ac FRANCO DE PORT FRANCE CONTINENTALE<br \/><\/span><\/span><\/h3>\n<p><strong>C O N D I T I O N S\u00a0\u00a0\u00a0 G E N E R A L E S\u00a0\u00a0\u00a0 D E\u00a0\u00a0\u00a0 V E N T E<\/strong><\/p>\n<p>\u2022 Toute livraison est soumise \u00e0 l\u2019acceptation expresse des pr\u00e9sentes conditions de vente.<\/p>\n<p>\u2022 Sauf convention expresse, le retard dans les d\u00e9lais de livraison ne peut donner lieu \u00e0 indemnit\u00e9 ou annulation de la commande et<br \/>notamment dans les cas suivants :<br \/>&#8211; Les conditions de paiement n\u2019ont pas \u00e9t\u00e9 observ\u00e9es.<br \/>&#8211; Force majeure ou \u00e9v\u00e9nements propres \u00e0 retarder, ou suspendre, la livraison des marchandises.<\/p>\n<p>\u2022 Nos fournitures, m\u00eame convenues Franco, voyagent aux risques et p\u00e9rils du destinataire, \u00e0 qui il appartient, en cas d\u2019avaries ou de pertes,de faire toutes r\u00e9serves, et d\u2019exercer tout recours aupr\u00e8s des transporteurs seuls responsables.<\/p>\n<p>\u2022 Le client aura toute facult\u00e9 de r\u00e9ceptionner les fournitures au moment de la livraison. Il lui appartient \u00e0 ce moment, d\u2019en prendre apr\u00e8s contr\u00f4le, l\u2019enti\u00e8re responsabilit\u00e9. Des r\u00e9serves formul\u00e9es \u00ab sous r\u00e9serve de d\u00e9ballage \u00bb ne peuvent donner lieu \u00e0 aucune r\u00e9clamation ult\u00e9rieure.<\/p>\n<p>\u2022 Les r\u00e9clamations concernant la qualit\u00e9 de la marchandise, \u00e0 l\u2019exclusion de tout litige de transport, devront \u00eatre formul\u00e9es par \u00e9crit dans les 3 jours \u00e0 partir de la livraison.<\/p>\n<p>\u2022 Aucun retour de marchandises ne pourra \u00eatre effectu\u00e9 sans notre consentement \u00e9crit, ce consentement n\u2019impliquant aucune reconnaissance.<\/p>\n<p>\u2022 Obligations relatives aux emballages :<br \/>&#8211; France : nous adh\u00e9rons au syst\u00e8me Eco-Emballages \u2013 N\u00b0 identifiant unique = FR205907_01OQNE<br \/>&#8211; Autres pays : l\u2019obligation d\u2019enregistrement, de d\u00e9claration et de contribution incombe \u00e0 l\u2019importateur ou premier metteur en march\u00e9 local, selon la r\u00e8glementation du pays.<\/p>\n<p>\u2022 Vente \u00e0 distance et aux particuliers : La marchandise est exp\u00e9di\u00e9e apr\u00e8s r\u00e9ception du r\u00e8glement total. Le paiement peut \u00eatre effectu\u00e9 par ch\u00e8que, par carte bancaire ou virement.<\/p>\n<p>&#8211; Pour la vente \u00e0 distance, selon l\u2019article L131-17 du code de consommation, le d\u00e9lai de r\u00e9tractation est de 14 jours. En cas de r\u00e9tractation,les frais de renvoi sont \u00e0 la charge du client. Sur demande, le client peut nous demander le texte complet de l\u2019article L131-17<br \/>&#8211; Articles L111-1 et L138-1 : l\u2019exp\u00e9dition se fait dans un d\u00e9lai maximum de 30 jours.<\/p>\n<p>\u2022 RGPD : Le client est inform\u00e9 que les donn\u00e9es le concernant sont enregistr\u00e9es dans un fichier ayant pour but le traitement, la gestion et le suivi de ses commandes. Conform\u00e9ment \u00e0 la Loi Informatique et Libert\u00e9s du 6 janvier 1978, le client dispose d&rsquo;un droit d&rsquo;acc\u00e8s, de rectification et d&rsquo;opposition des donn\u00e9es le concernant. Il peut l&rsquo;exercer en adressant un courrier \u00e0 Distillerie Paul Devoille 9 rue des Moines Hauts 70220 FOUGEROLLES France ou en cliquant sur les liens de d\u00e9sabonnement figurant au bas de toutes les newsletters que nous envoyons.<\/p>\n<p>\u2022 Revente sur internet : la revente de nos produits sur internet est autoris\u00e9e, \u00e0 la condition toutefois que cette activit\u00e9 de revente soit r\u00e9alis\u00e9epar l\u2019interm\u00e9diaire d\u2019une boutique \u00e9lectronique propre \u00e0 l\u2019acheteur, et non sur une place de march\u00e9 globale.<\/p>\n<p>\u2022 Le vendeur se verra dans l\u2019obligation de suspendre toute livraison \u00e0 tout client ne respectant pas la r\u00e9glementation en vigueur et notamment \u00e0 ceux pratiquant le prix d\u2019appel ou la revente \u00e0 perte de nos produits.<\/p>\n<p>\u2022 Lorsque le cr\u00e9dit de l\u2019acheteur se d\u00e9t\u00e9riore, nous nous r\u00e9servons le droit, m\u00eame apr\u00e8s exp\u00e9dition partielle d\u2019une commande, d\u2019exiger de l\u2019acheteur les garanties que nous jugeons convenables en vue de la bonne ex\u00e9cution des engagements pris. Le refus d\u2019y satisfaire nous donne le droit d\u2019annuler tout ou partie du march\u00e9.<\/p>\n<p>\u2022 Le tribunal du ressort du lieu de d\u00e9part de la marchandise sera comp\u00e9tent en cas de litige relatif \u00e0 l&rsquo;interpr\u00e9tation et \u00e0 l&rsquo;ex\u00e9cution de ces CGV.<br \/>Pour l\u2019exportation, en cas de contestation, les Tribunaux de Colmar ou les Tribunaux du domicile de l\u2019acheteur, au choix du vendeur, sont seuls comp\u00e9tents.<\/p>\n<p>\u2022 Cette vente est faite sous r\u00e9serve de propri\u00e9t\u00e9 conform\u00e9ment \u00e0 la Loi N\u00b0 80.335 du 12\/05\/1980. La propri\u00e9t\u00e9 des marchandises est r\u00e9serv\u00e9e au vendeur jusqu\u2019au paiement complet. Cependant, les risques de la marchandise incombent toutefois \u00e0 l\u2019acheteur d\u00e8s la mise \u00e0 disposition.<br \/>En cas de cession ou de vente de fonds, toute cr\u00e9ance, m\u00eame future, sera imm\u00e9diatement exigible.<\/p>\n<\/p>\n<p>\u2022\u00a0Si\u00e8ge social :<\/p>\n<p>\u00a0Distillerie Paul Devoille<\/p>\n<p>9, Rue des Moines Hauts\u00a0 &#8211;\u00a0 70220 Fougerolles\u00a0 &#8211;\u00a0 France<\/p>\n<p>\u00a0<\/p>\n<p>\u2022 Si\u00e8ge social :<\/p>\n<p>RENE DE MISCAULT \u2013 MUSEE DES EAUX DE VIE<\/p>\n<p>85 rue du G\u00e9n\u00e9ral Dufieux \u2013<\/p>\n<p>68650 LAPOUTROIE \u2013 France<\/p>\n<p>\u00a0<\/p>\n<p>SAS Distillerie Paul Devoille au capital de 259 740\u20ac-<\/p>\n<p>RCS de Vesoul: 675 550 073<\/p>\n<p>Code NAF : 11.01Z<\/p>\n<p>Num\u00e9ro de TVA intra-communautaire : FR 34 675 550 073<\/p>\n<\/p>\n<p>L ABUS D ALCOOL EST DANGEREUX POUR LA SANTE<\/p>\n<p>SACHEZ CONSOMMER AVEC MODERATION<\/p><\/p>\n","protected":false},"excerpt":{"rendered":"<p>Conditions g\u00e9n\u00e9rales de ventes IMPORTANT: \u00e0 partir de 250 \u20ac FRANCO DE PORT FRANCE CONTINENTALE C O N D I<\/p>\n","protected":false},"author":1,"featured_media":0,"comment_status":"open","ping_status":"open","sticky":false,"template":"","format":"standard","meta":{"footnotes":""},"categories":[20],"tags":[],"class_list":["post-25","post","type-post","status-publish","format-standard","hentry","category-home"],"_links":{"self":[{"href":"https:\/\/musee.crea-magnolia.fr\/index.php\/wp-json\/wp\/v2\/posts\/25","targetHints":{"allow":["GET"]}}],"collection":[{"href":"https:\/\/musee.crea-magnolia.fr\/index.php\/wp-json\/wp\/v2\/posts"}],"about":[{"href":"https:\/\/musee.crea-magnolia.fr\/index.php\/wp-json\/wp\/v2\/types\/post"}],"author":[{"embeddable":true,"href":"https:\/\/musee.crea-magnolia.fr\/index.php\/wp-json\/wp\/v2\/users\/1"}],"replies":[{"embeddable":true,"href":"https:\/\/musee.crea-magnolia.fr\/index.php\/wp-json\/wp\/v2\/comments?post=25"}],"version-history":[{"count":0,"href":"https:\/\/musee.crea-magnolia.fr\/index.php\/wp-json\/wp\/v2\/posts\/25\/revisions"}],"wp:attachment":[{"href":"https:\/\/musee.crea-magnolia.fr\/index.php\/wp-json\/wp\/v2\/media?parent=25"}],"wp:term":[{"taxonomy":"category","embeddable":true,"href":"https:\/\/musee.crea-magnolia.fr\/index.php\/wp-json\/wp\/v2\/categories?post=25"},{"taxonomy":"post_tag","embeddable":true,"href":"https:\/\/musee.crea-magnolia.fr\/index.php\/wp-json\/wp\/v2\/tags?post=25"}],"curies":[{"name":"wp","href":"https:\/\/api.w.org\/{rel}","templated":true}]}}