{"id":26,"date":"2016-12-05T14:03:19","date_gmt":"2016-12-05T13:03:19","guid":{"rendered":"https:\/\/musee.crea-magnolia.fr\/index.php\/2016\/12\/05\/a-propos\/"},"modified":"2016-12-05T14:03:19","modified_gmt":"2016-12-05T13:03:19","slug":"a-propos","status":"publish","type":"post","link":"https:\/\/musee.crea-magnolia.fr\/index.php\/2016\/12\/05\/a-propos\/","title":{"rendered":"A propos"},"content":{"rendered":"<h2>A propos<\/h2>\n<h3><span style=\"font-size:18pt;\"><span style=\"color:#ff0000;\">IMPORTANT: \u00e0 partir de 250 \u20ac FRANCO DE PORT<\/span><\/span><\/h3>\n<p align=\"center\"><span style=\"font-size:18pt;\">Que rapporter de notre canton\u00a0? Que rapporter d\u2019Alsace\u00a0?<\/span><\/p>\n<p>\u00a0<\/p>\n<p>Vous avez appr\u00e9ci\u00e9 notre accueil\u00a0? Vous avez appr\u00e9ci\u00e9 notre r\u00e9gion\u00a0? Prolongez le plaisir en rapportant de nombreux souvenirs\u00a0!<\/p>\n<p>\u00a0<\/p>\n<p align=\"center\">\u00a0<\/p>\n<p align=\"center\"><span style=\"color:#ff0000;\">Chez le boucher\u00a0<\/span>:<\/p>\n<p align=\"center\">Des navets confits<\/p>\n<p align=\"center\">De la choucroute sous vide<\/p>\n<p align=\"center\">Du baeckeofe<\/p>\n<p align=\"center\">De la charcuterie, de la saucisse \u00e0 tartiner<\/p>\n<p align=\"center\">Des fum\u00e9es<\/p>\n<p align=\"center\">De la tourte<\/p>\n<p align=\"center\">\u00a0<\/p>\n<p align=\"center\"><span style=\"color:#ff0000;\">\u00a0A la fromagerie\u00a0<\/span>:<\/p>\n<p align=\"center\">Le Munster dont c\u2019est la r\u00e9gion et non la vall\u00e9e de Munster<\/p>\n<p align=\"center\">Le Bargkas<\/p>\n<p align=\"center\">La tomme de montagne<\/p>\n<p align=\"center\">\u00a0<\/p>\n<p align=\"center\"><span style=\"color:#ff0000;\"><a href=\"mailto:rene.de.miscault@wanadoo.fr\">Au Mus\u00e9e des Eaux de Vie\u00a0:<\/a><\/span><\/p>\n<p align=\"center\">Les liqueurs<\/p>\n<p align=\"center\">Les eaux de vie<\/p>\n<p align=\"center\">L\u2019Absinthe<\/p>\n<p align=\"center\">Le Marc de Gewurztraminer<\/p>\n<p align=\"center\">Toutes les bonnes sp\u00e9cialit\u00e9s\u00a0!<\/p>\n<p align=\"center\">\u00a0<\/p>\n<p align=\"center\"><span style=\"color:#ff0000;\">Chez les Vignerons<\/span><\/p>\n<p align=\"center\">Toute la gamme des c\u00e9pages Alsaciens<\/p>\n<p align=\"center\">Choisir Ammerschwihr, Sigolsheim ou Kientzheim<\/p>\n<p align=\"center\">\u00a0<\/p>\n<p align=\"center\">\u00a0<\/p>\n<p align=\"center\"><span style=\"color:#ff0000;\">Chez le Boulanger\u00a0:<\/span><\/p>\n<p align=\"center\">Le kougelhof<\/p>\n<p align=\"center\">Les Bredeles<\/p>\n<p align=\"center\">Le pain d\u2019\u00e9pices,<\/p>\n<p align=\"center\">Le Hoge\u00ef<\/p>\n<p align=\"center\">\u00a0<\/p>\n<p align=\"center\"><span style=\"color:#ff0000;\">Au Magasin de souvenirs\u00a0:<\/span><\/p>\n<p align=\"center\">La poterie<\/p>\n<p align=\"center\">Les verres Alsaciens<\/p>\n<p align=\"center\">\u00a0<\/p>\n<p align=\"center\">\u00a0<\/p>\n<p align=\"center\">Organisez \u00e0 votre retour\u00a0:<\/p>\n<p align=\"center\">Une soir\u00e9e Alsacienne<\/p>\n<p align=\"center\">Avec nos bons produits<\/p>\n<p align=\"center\">Et nos bonnes recettes<\/p>\n<h3>Notre entreprise<\/h3>\n<p>Informations<\/p>\n<p>Informations<\/p>\n","protected":false},"excerpt":{"rendered":"<p>A propos IMPORTANT: \u00e0 partir de 250 \u20ac FRANCO DE PORT Que rapporter de notre canton\u00a0? Que rapporter d\u2019Alsace\u00a0? \u00a0<\/p>\n","protected":false},"author":1,"featured_media":0,"comment_status":"open","ping_status":"open","sticky":false,"template":"","format":"standard","meta":{"footnotes":""},"categories":[20],"tags":[],"class_list":["post-26","post","type-post","status-publish","format-standard","hentry","category-home"],"_links":{"self":[{"href":"https:\/\/musee.crea-magnolia.fr\/index.php\/wp-json\/wp\/v2\/posts\/26","targetHints":{"allow":["GET"]}}],"collection":[{"href":"https:\/\/musee.crea-magnolia.fr\/index.php\/wp-json\/wp\/v2\/posts"}],"about":[{"href":"https:\/\/musee.crea-magnolia.fr\/index.php\/wp-json\/wp\/v2\/types\/post"}],"author":[{"embeddable":true,"href":"https:\/\/musee.crea-magnolia.fr\/index.php\/wp-json\/wp\/v2\/users\/1"}],"replies":[{"embeddable":true,"href":"https:\/\/musee.crea-magnolia.fr\/index.php\/wp-json\/wp\/v2\/comments?post=26"}],"version-history":[{"count":0,"href":"https:\/\/musee.crea-magnolia.fr\/index.php\/wp-json\/wp\/v2\/posts\/26\/revisions"}],"wp:attachment":[{"href":"https:\/\/musee.crea-magnolia.fr\/index.php\/wp-json\/wp\/v2\/media?parent=26"}],"wp:term":[{"taxonomy":"category","embeddable":true,"href":"https:\/\/musee.crea-magnolia.fr\/index.php\/wp-json\/wp\/v2\/categories?post=26"},{"taxonomy":"post_tag","embeddable":true,"href":"https:\/\/musee.crea-magnolia.fr\/index.php\/wp-json\/wp\/v2\/tags?post=26"}],"curies":[{"name":"wp","href":"https:\/\/api.w.org\/{rel}","templated":true}]}}